{"id":12519,"date":"2026-03-31T12:16:55","date_gmt":"2026-03-31T10:16:55","guid":{"rendered":"https:\/\/polishstyl.com.pl\/?p=12519"},"modified":"2026-03-31T12:16:58","modified_gmt":"2026-03-31T10:16:58","slug":"relacja-z-expo-surface-2026-dziekujemy-za-wspolny-czas-w-kielcach","status":"publish","type":"post","link":"https:\/\/polishstyl.com.pl\/pl\/2026\/03\/31\/relacja-z-expo-surface-2026-dziekujemy-za-wspolny-czas-w-kielcach\/","title":{"rendered":"Relacja z Expo-Surface 2026: Dzi\u0119kujemy za wsp\u00f3lny czas w Kielcach!"},"content":{"rendered":"\n<p><strong>Targi Expo-Surface 2026 przesz\u0142y do historii, ale w PolishStyl zapami\u0119tamy je na bardzo d\u0142ugo!<\/strong><\/p>\n\n\n\n<figure class=\"wp-block-gallery has-nested-images columns-default is-cropped wp-block-gallery-1 is-layout-flex wp-block-gallery-is-layout-flex\">\n<figure class=\"wp-block-image size-full\"><img fetchpriority=\"high\" decoding=\"async\" width=\"2560\" height=\"2048\" data-id=\"12520\" src=\"https:\/\/polishstyl.com.pl\/wp-content\/uploads\/2026\/03\/expo-surface4-scaled.jpeg\" alt=\"\" class=\"wp-image-12520\" srcset=\"https:\/\/polishstyl.com.pl\/wp-content\/uploads\/2026\/03\/expo-surface4-scaled.jpeg 2560w, https:\/\/polishstyl.com.pl\/wp-content\/uploads\/2026\/03\/expo-surface4-1536x1229.jpeg 1536w, https:\/\/polishstyl.com.pl\/wp-content\/uploads\/2026\/03\/expo-surface4-2048x1639.jpeg 2048w\" sizes=\"(max-width: 2560px) 100vw, 2560px\" \/><\/figure>\n\n\n\n<figure class=\"wp-block-image size-full\"><img decoding=\"async\" width=\"1950\" height=\"1560\" data-id=\"12521\" src=\"https:\/\/polishstyl.com.pl\/wp-content\/uploads\/2026\/03\/expo-surface5.jpeg\" alt=\"\" class=\"wp-image-12521\" srcset=\"https:\/\/polishstyl.com.pl\/wp-content\/uploads\/2026\/03\/expo-surface5.jpeg 1950w, https:\/\/polishstyl.com.pl\/wp-content\/uploads\/2026\/03\/expo-surface5-1536x1229.jpeg 1536w\" sizes=\"(max-width: 1950px) 100vw, 1950px\" \/><\/figure>\n<\/figure>\n\n\n\n<p>To by\u0142y intensywne dni pe\u0142ne inspiruj\u0105cych rozm\u00f3w, wymiany do\u015bwiadcze\u0144 i nawi\u0105zywania nowych relacji biznesowych. Jeste\u015bmy niezwykle wdzi\u0119czni za tak <strong>liczne odwiedzenie stoiska PolishStyl<\/strong> oraz ogromne zainteresowanie, jakim obdarzyli Pa\u0144stwo nasze rozwi\u0105zania technologiczne.<\/p>\n\n\n\n<figure class=\"wp-block-gallery has-nested-images columns-default is-cropped wp-block-gallery-2 is-layout-flex wp-block-gallery-is-layout-flex\">\n<figure class=\"wp-block-image size-full\"><img decoding=\"async\" width=\"2560\" height=\"2048\" data-id=\"12522\" src=\"https:\/\/polishstyl.com.pl\/wp-content\/uploads\/2026\/03\/expo-surface2-scaled.jpeg\" alt=\"\" class=\"wp-image-12522\" srcset=\"https:\/\/polishstyl.com.pl\/wp-content\/uploads\/2026\/03\/expo-surface2-scaled.jpeg 2560w, https:\/\/polishstyl.com.pl\/wp-content\/uploads\/2026\/03\/expo-surface2-1536x1229.jpeg 1536w, https:\/\/polishstyl.com.pl\/wp-content\/uploads\/2026\/03\/expo-surface2-2048x1639.jpeg 2048w\" sizes=\"(max-width: 2560px) 100vw, 2560px\" \/><\/figure>\n\n\n\n<figure class=\"wp-block-image size-full\"><img loading=\"lazy\" decoding=\"async\" width=\"2560\" height=\"2048\" data-id=\"12523\" src=\"https:\/\/polishstyl.com.pl\/wp-content\/uploads\/2026\/03\/expo-surface6-scaled.jpeg\" alt=\"\" class=\"wp-image-12523\" srcset=\"https:\/\/polishstyl.com.pl\/wp-content\/uploads\/2026\/03\/expo-surface6-scaled.jpeg 2560w, https:\/\/polishstyl.com.pl\/wp-content\/uploads\/2026\/03\/expo-surface6-1536x1229.jpeg 1536w, https:\/\/polishstyl.com.pl\/wp-content\/uploads\/2026\/03\/expo-surface6-2048x1638.jpeg 2048w\" sizes=\"(max-width: 2560px) 100vw, 2560px\" \/><\/figure>\n<\/figure>\n\n\n\n<p>Od ponad 20 lat nasz\u0105 misj\u0105 jest dostarczanie <strong>profesjonalnych technologii szlifowania<\/strong>. Podczas tegorocznej edycji targ\u00f3w szczeg\u00f3ln\u0105 uwag\u0119 przyku\u0142 nasz kultowy system wymiennych szczotek \u015bciernych, a tak\u017ce zaawansowane rozwi\u0105zania w zakresie:<\/p>\n\n\n\n<ul class=\"wp-block-list\">\n<li><strong>gratowania i szczotkowania,<\/strong><\/li>\n\n\n\n<li><strong>strukturyzacji powierzchni,<\/strong><\/li>\n\n\n\n<li><strong>wysokiej jako\u015bci materia\u0142\u00f3w \u015bciernych i polerskich.<\/strong><\/li>\n<\/ul>\n\n\n\n<p>Nieustannie rozwijamy asortyment PolishStyl, aby precyzyjnie odpowiada\u0107 na dynamicznie zmieniaj\u0105ce si\u0119 potrzeby rynku i Pa\u0144stwa indywidualne wymagania produkcyjne. Udzia\u0142 w Expo-Surface utwierdzi\u0142 nas w przekonaniu, \u017ce kierunek, w kt\u00f3rym pod\u0105\u017camy, jest doceniany przez profesjonalist\u00f3w z bran\u017cy.<\/p>\n\n\n\n<figure class=\"wp-block-gallery has-nested-images columns-default is-cropped wp-block-gallery-3 is-layout-flex wp-block-gallery-is-layout-flex\">\n<figure class=\"wp-block-image size-full\"><img loading=\"lazy\" decoding=\"async\" width=\"2560\" height=\"2048\" data-id=\"12524\" src=\"https:\/\/polishstyl.com.pl\/wp-content\/uploads\/2026\/03\/expo-surface3-scaled.jpeg\" alt=\"\" class=\"wp-image-12524\" srcset=\"https:\/\/polishstyl.com.pl\/wp-content\/uploads\/2026\/03\/expo-surface3-scaled.jpeg 2560w, https:\/\/polishstyl.com.pl\/wp-content\/uploads\/2026\/03\/expo-surface3-1536x1229.jpeg 1536w, https:\/\/polishstyl.com.pl\/wp-content\/uploads\/2026\/03\/expo-surface3-2048x1638.jpeg 2048w\" sizes=\"(max-width: 2560px) 100vw, 2560px\" \/><\/figure>\n\n\n\n<figure class=\"wp-block-image size-full\"><img loading=\"lazy\" decoding=\"async\" width=\"2463\" height=\"1970\" data-id=\"12525\" src=\"https:\/\/polishstyl.com.pl\/wp-content\/uploads\/2026\/03\/expo-surface7.jpeg\" alt=\"\" class=\"wp-image-12525\" srcset=\"https:\/\/polishstyl.com.pl\/wp-content\/uploads\/2026\/03\/expo-surface7.jpeg 2463w, https:\/\/polishstyl.com.pl\/wp-content\/uploads\/2026\/03\/expo-surface7-1536x1229.jpeg 1536w, https:\/\/polishstyl.com.pl\/wp-content\/uploads\/2026\/03\/expo-surface7-2048x1638.jpeg 2048w\" sizes=\"(max-width: 2463px) 100vw, 2463px\" \/><\/figure>\n<\/figure>\n\n\n\n<p>Do zobaczenia na kolejnych wydarzeniach bran\u017cowych!<\/p>\n\n\n\n<p><strong><em>Videorelacj\u0119 z wydarzenia znajdziesz tutaj:<\/em><\/strong> <a href=\"https:\/\/youtube.com\/shorts\/ZcojeldRKac?si=8f0u6-BitgHQ2qZh\">https:\/\/youtube.com\/shorts\/ZcojeldRKac?si=8f0u6-BitgHQ2qZh<\/a><\/p>\n\n\n\n<p><\/p>\n","protected":false},"excerpt":{"rendered":"<p>Targi Expo-Surface 2026 przesz\u0142y do historii, ale w PolishStyl zapami\u0119tamy je na bardzo d\u0142ugo! To by\u0142y intensywne dni pe\u0142ne inspiruj\u0105cych rozm\u00f3w, wymiany do\u015bwiadcze\u0144 i nawi\u0105zywania nowych relacji biznesowych. Jeste\u015bmy niezwykle wdzi\u0119czni za tak liczne odwiedzenie stoiska PolishStyl oraz ogromne zainteresowanie, jakim obdarzyli Pa\u0144stwo nasze rozwi\u0105zania technologiczne. Od ponad 20 lat nasz\u0105 misj\u0105 jest dostarczanie profesjonalnych [&hellip;]<\/p>\n","protected":false},"author":4,"featured_media":12526,"comment_status":"open","ping_status":"open","sticky":false,"template":"","format":"standard","meta":{"ngg_post_thumbnail":0,"ocean_post_layout":"","ocean_both_sidebars_style":"","ocean_both_sidebars_content_width":0,"ocean_both_sidebars_sidebars_width":0,"ocean_sidebar":"","ocean_second_sidebar":"","ocean_disable_margins":"enable","ocean_add_body_class":"","ocean_shortcode_before_top_bar":"","ocean_shortcode_after_top_bar":"","ocean_shortcode_before_header":"","ocean_shortcode_after_header":"","ocean_has_shortcode":"","ocean_shortcode_after_title":"","ocean_shortcode_before_footer_widgets":"","ocean_shortcode_after_footer_widgets":"","ocean_shortcode_before_footer_bottom":"","ocean_shortcode_after_footer_bottom":"","ocean_display_top_bar":"default","ocean_display_header":"default","ocean_header_style":"","ocean_center_header_left_menu":"","ocean_custom_header_template":"","ocean_custom_logo":0,"ocean_custom_retina_logo":0,"ocean_custom_logo_max_width":0,"ocean_custom_logo_tablet_max_width":0,"ocean_custom_logo_mobile_max_width":0,"ocean_custom_logo_max_height":0,"ocean_custom_logo_tablet_max_height":0,"ocean_custom_logo_mobile_max_height":0,"ocean_header_custom_menu":"","ocean_menu_typo_font_family":"","ocean_menu_typo_font_subset":"","ocean_menu_typo_font_size":0,"ocean_menu_typo_font_size_tablet":0,"ocean_menu_typo_font_size_mobile":0,"ocean_menu_typo_font_size_unit":"px","ocean_menu_typo_font_weight":"","ocean_menu_typo_font_weight_tablet":"","ocean_menu_typo_font_weight_mobile":"","ocean_menu_typo_transform":"","ocean_menu_typo_transform_tablet":"","ocean_menu_typo_transform_mobile":"","ocean_menu_typo_line_height":0,"ocean_menu_typo_line_height_tablet":0,"ocean_menu_typo_line_height_mobile":0,"ocean_menu_typo_line_height_unit":"","ocean_menu_typo_spacing":0,"ocean_menu_typo_spacing_tablet":0,"ocean_menu_typo_spacing_mobile":0,"ocean_menu_typo_spacing_unit":"","ocean_menu_link_color":"","ocean_menu_link_color_hover":"","ocean_menu_link_color_active":"","ocean_menu_link_background":"","ocean_menu_link_hover_background":"","ocean_menu_link_active_background":"","ocean_menu_social_links_bg":"","ocean_menu_social_hover_links_bg":"","ocean_menu_social_links_color":"","ocean_menu_social_hover_links_color":"","ocean_disable_title":"default","ocean_disable_heading":"default","ocean_post_title":"","ocean_post_subheading":"","ocean_post_title_style":"","ocean_post_title_background_color":"","ocean_post_title_background":0,"ocean_post_title_bg_image_position":"","ocean_post_title_bg_image_attachment":"","ocean_post_title_bg_image_repeat":"","ocean_post_title_bg_image_size":"","ocean_post_title_height":0,"ocean_post_title_bg_overlay":0.5,"ocean_post_title_bg_overlay_color":"","ocean_disable_breadcrumbs":"default","ocean_breadcrumbs_color":"","ocean_breadcrumbs_separator_color":"","ocean_breadcrumbs_links_color":"","ocean_breadcrumbs_links_hover_color":"","ocean_display_footer_widgets":"default","ocean_display_footer_bottom":"default","ocean_custom_footer_template":"","ocean_post_oembed":"","ocean_post_self_hosted_media":"","ocean_post_video_embed":"","ocean_link_format":"","ocean_link_format_target":"self","ocean_quote_format":"","ocean_quote_format_link":"post","ocean_gallery_link_images":"on","ocean_gallery_id":[],"footnotes":""},"categories":[1],"tags":[39,19,40],"class_list":["post-12519","post","type-post","status-publish","format-standard","has-post-thumbnail","hentry","category-aktualnosci","tag-exposurface2026","tag-polishstyl","tag-targikielce","entry","has-media"],"_links":{"self":[{"href":"https:\/\/polishstyl.com.pl\/wp-json\/wp\/v2\/posts\/12519","targetHints":{"allow":["GET"]}}],"collection":[{"href":"https:\/\/polishstyl.com.pl\/wp-json\/wp\/v2\/posts"}],"about":[{"href":"https:\/\/polishstyl.com.pl\/wp-json\/wp\/v2\/types\/post"}],"author":[{"embeddable":true,"href":"https:\/\/polishstyl.com.pl\/wp-json\/wp\/v2\/users\/4"}],"replies":[{"embeddable":true,"href":"https:\/\/polishstyl.com.pl\/wp-json\/wp\/v2\/comments?post=12519"}],"version-history":[{"count":1,"href":"https:\/\/polishstyl.com.pl\/wp-json\/wp\/v2\/posts\/12519\/revisions"}],"predecessor-version":[{"id":12527,"href":"https:\/\/polishstyl.com.pl\/wp-json\/wp\/v2\/posts\/12519\/revisions\/12527"}],"wp:featuredmedia":[{"embeddable":true,"href":"https:\/\/polishstyl.com.pl\/wp-json\/wp\/v2\/media\/12526"}],"wp:attachment":[{"href":"https:\/\/polishstyl.com.pl\/wp-json\/wp\/v2\/media?parent=12519"}],"wp:term":[{"taxonomy":"category","embeddable":true,"href":"https:\/\/polishstyl.com.pl\/wp-json\/wp\/v2\/categories?post=12519"},{"taxonomy":"post_tag","embeddable":true,"href":"https:\/\/polishstyl.com.pl\/wp-json\/wp\/v2\/tags?post=12519"}],"curies":[{"name":"wp","href":"https:\/\/api.w.org\/{rel}","templated":true}]}}