{"id":12535,"date":"2026-04-29T11:45:11","date_gmt":"2026-04-29T09:45:11","guid":{"rendered":"https:\/\/polishstyl.com.pl\/?p=12535"},"modified":"2026-04-29T12:10:35","modified_gmt":"2026-04-29T10:10:35","slug":"sukces-i-edycji-podkarpackich-dni-technologii-z-udzialem-polishstyl","status":"publish","type":"post","link":"https:\/\/polishstyl.com.pl\/pl\/2026\/04\/29\/sukces-i-edycji-podkarpackich-dni-technologii-z-udzialem-polishstyl\/","title":{"rendered":"Sukces I edycji Podkarpackich Dni Technologii z udzia\u0142em PolishStyl!"},"content":{"rendered":"\n<p>W dniach <strong>21\u201322 kwietnia 2026 roku<\/strong> w o\u015brodku \u201eCyzi\u00f3wka\u201d pod Rzeszowem odby\u0142a si\u0119 pierwsza edycja <strong>Podkarpackich Dni Technologii \u2013 Spotkanie Lider\u00f3w Bran\u017cy Drzewnej i Meblarskiej<\/strong>. Nasza firma, <strong>PolishStyl<\/strong>, mia\u0142a zaszczyt by\u0107 jednym ze wsp\u00f3\u0142organizator\u00f3w tego wyj\u0105tkowego wydarzenia, kt\u00f3re zgromadzi\u0142o ponad 100 przedstawicieli kadry zarz\u0105dzaj\u0105cej i in\u017cynierskiej z Polski oraz Ukrainy.<\/p>\n\n\n\n<h2 class=\"wp-block-heading\">Innowacje i Synergia<\/h2>\n\n\n\n<figure class=\"wp-block-gallery has-nested-images columns-default is-cropped wp-block-gallery-1 is-layout-flex wp-block-gallery-is-layout-flex\">\n<figure class=\"wp-block-image size-large\"><img fetchpriority=\"high\" decoding=\"async\" width=\"1024\" height=\"1024\" data-id=\"12538\" src=\"https:\/\/polishstyl.com.pl\/wp-content\/uploads\/2026\/04\/2V6A5201-1024x1024.jpg\" alt=\"\" class=\"wp-image-12538\" srcset=\"https:\/\/polishstyl.com.pl\/wp-content\/uploads\/2026\/04\/2V6A5201-1024x1024.jpg 1024w, https:\/\/polishstyl.com.pl\/wp-content\/uploads\/2026\/04\/2V6A5201-300x300.jpg 300w, https:\/\/polishstyl.com.pl\/wp-content\/uploads\/2026\/04\/2V6A5201-150x150.jpg 150w, https:\/\/polishstyl.com.pl\/wp-content\/uploads\/2026\/04\/2V6A5201-768x768.jpg 768w, https:\/\/polishstyl.com.pl\/wp-content\/uploads\/2026\/04\/2V6A5201-600x600.jpg 600w\" sizes=\"(max-width: 1024px) 100vw, 1024px\" \/><\/figure>\n\n\n\n<figure class=\"wp-block-image size-large\"><img decoding=\"async\" width=\"1024\" height=\"1000\" data-id=\"12541\" src=\"https:\/\/polishstyl.com.pl\/wp-content\/uploads\/2026\/04\/5K4A1971-1024x1000.jpg\" alt=\"\" class=\"wp-image-12541\"\/><\/figure>\n\n\n\n<figure class=\"wp-block-image size-large\"><img decoding=\"async\" width=\"1024\" height=\"1000\" data-id=\"12537\" src=\"https:\/\/polishstyl.com.pl\/wp-content\/uploads\/2026\/04\/5K4A1872-1024x1000.jpg\" alt=\"\" class=\"wp-image-12537\"\/><\/figure>\n<\/figure>\n\n\n\n<p id=\"p-rc_966e8a6de8b6eff9-20\">Inicjatywa organizacji Podkarpackich Dni Technologii zrodzi\u0142a si\u0119 z kooperacji pi\u0119ciu firm z Podkarpacia: <strong>BRYK, FANUM, POLKEMIC, PolishStyl <\/strong>oraz <strong>MONAWI<\/strong>. Firmy te od lat s\u0105 niezawodnymi i uznanymi dostawcami narz\u0119dzi, komponent\u00f3w oraz zaawansowanych technologii, stanowi\u0105c fundament \u0142a\u0144cucha dostaw dla sektora meblarskiego i drzewnego nie tylko w Polsce, ale i na ca\u0142ym \u015bwiecie.<\/p>\n\n\n\n<p id=\"p-rc_966e8a6de8b6eff9-21\">Podczas merytorycznej cz\u0119\u015bci spotkania skupili\u015bmy si\u0119 na prezentacji potencja\u0142u technologicznego<sup><\/sup>:<\/p>\n\n\n\n<ul class=\"wp-block-list\">\n<li><strong>PolishStyl<\/strong> zaprezentowa\u0142 innowacyjne rozwi\u0105zania w zakresie materia\u0142\u00f3w i narz\u0119dzi szlifierskich. <\/li>\n\n\n\n<li>Pozostali partnerzy przybli\u017cyli nowo\u015bci w obszarach narz\u0119dzi, maszyn CNC, obrze\u017cy meblowych oraz automatyzacji i robotyzacji produkcji. <\/li>\n<\/ul>\n\n\n\n<figure class=\"wp-block-gallery has-nested-images columns-default is-cropped wp-block-gallery-2 is-layout-flex wp-block-gallery-is-layout-flex\">\n<figure class=\"wp-block-image size-large\"><img loading=\"lazy\" decoding=\"async\" width=\"1024\" height=\"1000\" data-id=\"12542\" src=\"https:\/\/polishstyl.com.pl\/wp-content\/uploads\/2026\/04\/5K4A2152-1024x1000.jpg\" alt=\"\" class=\"wp-image-12542\"\/><\/figure>\n\n\n\n<figure class=\"wp-block-image size-large\"><img loading=\"lazy\" decoding=\"async\" width=\"1024\" height=\"1000\" data-id=\"12543\" src=\"https:\/\/polishstyl.com.pl\/wp-content\/uploads\/2026\/04\/5K4A2160-1024x1000.jpg\" alt=\"\" class=\"wp-image-12543\"\/><\/figure>\n\n\n\n<figure class=\"wp-block-image size-large\"><img loading=\"lazy\" decoding=\"async\" width=\"1024\" height=\"1000\" data-id=\"12544\" src=\"https:\/\/polishstyl.com.pl\/wp-content\/uploads\/2026\/04\/5K4A2173-1024x1000.jpg\" alt=\"\" class=\"wp-image-12544\"\/><\/figure>\n<\/figure>\n\n\n\n<blockquote class=\"wp-block-quote is-layout-flow wp-block-quote-is-layout-flow\">\n<p id=\"p-rc_966e8a6de8b6eff9-24\">&#8211; Dla PolishStyl to wydarzenie by\u0142o czym\u015b wi\u0119cej ni\u017c tylko prezentacj\u0105 naszych profesjonalnych technologii szlifowania. Najwi\u0119ksz\u0105 warto\u015bci\u0105 s\u0105 nowe relacje biznesowe i wymiana wiedzy, kt\u00f3re determinuj\u0105 pozycj\u0119 rynkow\u0105 w obecnych realiach \u2013 podkre\u015bla <strong>Bogus\u0142aw Szkutnik, prezes PolishStyl<\/strong>.<\/p>\n<\/blockquote>\n\n\n\n<figure class=\"wp-block-gallery has-nested-images columns-default is-cropped wp-block-gallery-3 is-layout-flex wp-block-gallery-is-layout-flex\">\n<figure class=\"wp-block-image size-large\"><img loading=\"lazy\" decoding=\"async\" width=\"1024\" height=\"1000\" data-id=\"12545\" src=\"https:\/\/polishstyl.com.pl\/wp-content\/uploads\/2026\/04\/5K4A2517-1024x1000.jpg\" alt=\"\" class=\"wp-image-12545\"\/><\/figure>\n\n\n\n<figure class=\"wp-block-image size-large\"><img loading=\"lazy\" decoding=\"async\" width=\"1024\" height=\"1000\" data-id=\"12546\" src=\"https:\/\/polishstyl.com.pl\/wp-content\/uploads\/2026\/04\/5K4A2537-1024x1000.jpg\" alt=\"\" class=\"wp-image-12546\"\/><\/figure>\n\n\n\n<figure class=\"wp-block-image size-large\"><img loading=\"lazy\" decoding=\"async\" width=\"1024\" height=\"1000\" data-id=\"12547\" src=\"https:\/\/polishstyl.com.pl\/wp-content\/uploads\/2026\/04\/5K4A2943-1024x1000.jpg\" alt=\"\" class=\"wp-image-12547\"\/><\/figure>\n<\/figure>\n\n\n\n<h2 class=\"wp-block-heading\">Praktyka i Networking<\/h2>\n\n\n\n<p>Networking uatrakcyjni\u0142a biesiada integracyjna oraz wyst\u0119py artystyczne: zespo\u0142u <strong>Grzane Wino<\/strong> i \u015bpiewaj\u0105cego sobowt\u00f3ra Maryli Rodowicz <strong>\u201eDruga Maryla\u201d<\/strong>. Do dyspozycji go\u015bci pozostawa\u0142y r\u00f3wnie\u017c dodatkowe atrakcje znajduj\u0105ce si\u0119 w przepi\u0119knym o\u015brodku \u201eCyzi\u00f3wka\u201d, takie jak kasyno, strefa spa czy wystawa motocykli, co pozwoli\u0142o na rozmowy w mniej formalnym otoczeniu.<\/p>\n\n\n\n<figure class=\"wp-block-gallery has-nested-images columns-default is-cropped wp-block-gallery-4 is-layout-flex wp-block-gallery-is-layout-flex\">\n<figure class=\"wp-block-image size-large\"><img loading=\"lazy\" decoding=\"async\" width=\"1024\" height=\"1000\" data-id=\"12548\" src=\"https:\/\/polishstyl.com.pl\/wp-content\/uploads\/2026\/04\/5K4A2774-1024x1000.jpg\" alt=\"\" class=\"wp-image-12548\"\/><\/figure>\n\n\n\n<figure class=\"wp-block-image size-large\"><img loading=\"lazy\" decoding=\"async\" width=\"1024\" height=\"1000\" data-id=\"12550\" src=\"https:\/\/polishstyl.com.pl\/wp-content\/uploads\/2026\/04\/5K4A3028-1024x1000.jpg\" alt=\"\" class=\"wp-image-12550\"\/><\/figure>\n\n\n\n<figure class=\"wp-block-image size-large\"><img loading=\"lazy\" decoding=\"async\" width=\"1024\" height=\"1000\" data-id=\"12549\" src=\"https:\/\/polishstyl.com.pl\/wp-content\/uploads\/2026\/04\/5K4A3205-1024x1000.jpg\" alt=\"\" class=\"wp-image-12549\"\/><\/figure>\n\n\n\n<figure class=\"wp-block-image size-large\"><img loading=\"lazy\" decoding=\"async\" width=\"1024\" height=\"1000\" data-id=\"12551\" src=\"https:\/\/polishstyl.com.pl\/wp-content\/uploads\/2026\/04\/5K4A3339-1024x1000.jpg\" alt=\"\" class=\"wp-image-12551\"\/><\/figure>\n\n\n\n<figure class=\"wp-block-image size-large\"><img loading=\"lazy\" decoding=\"async\" width=\"1024\" height=\"1001\" data-id=\"12552\" src=\"https:\/\/polishstyl.com.pl\/wp-content\/uploads\/2026\/04\/5K4A3542-1024x1001.jpg\" alt=\"\" class=\"wp-image-12552\"\/><\/figure>\n<\/figure>\n\n\n\n<p>Drugi dzie\u0144 spotkania mia\u0142 charakter <strong>zdecydowanie praktyczny<\/strong>. Uczestnicy wzi\u0119li udzia\u0142 w wizytach studyjnych w zak\u0142adach produkcyjnych firm <strong>FANUM, POLKEMIC <\/strong>oraz <strong>BRYK<\/strong>. To da\u0142o mo\u017cliwo\u015b\u0107 zobaczenia technologii w praktyce, poznania zaplecza produkcyjnego firm oraz innowacji \u201ez bliska\u201d.<\/p>\n\n\n\n<figure class=\"wp-block-gallery has-nested-images columns-default is-cropped wp-block-gallery-5 is-layout-flex wp-block-gallery-is-layout-flex\">\n<figure class=\"wp-block-image size-large\"><img loading=\"lazy\" decoding=\"async\" width=\"1024\" height=\"1024\" data-id=\"12567\" src=\"https:\/\/polishstyl.com.pl\/wp-content\/uploads\/2026\/04\/2V6A5324-1024x1024.jpg\" alt=\"\" class=\"wp-image-12567\" srcset=\"https:\/\/polishstyl.com.pl\/wp-content\/uploads\/2026\/04\/2V6A5324-1024x1024.jpg 1024w, https:\/\/polishstyl.com.pl\/wp-content\/uploads\/2026\/04\/2V6A5324-300x300.jpg 300w, https:\/\/polishstyl.com.pl\/wp-content\/uploads\/2026\/04\/2V6A5324-150x150.jpg 150w, https:\/\/polishstyl.com.pl\/wp-content\/uploads\/2026\/04\/2V6A5324-768x768.jpg 768w, https:\/\/polishstyl.com.pl\/wp-content\/uploads\/2026\/04\/2V6A5324-600x600.jpg 600w\" sizes=\"(max-width: 1024px) 100vw, 1024px\" \/><\/figure>\n\n\n\n<figure class=\"wp-block-image size-large\"><img loading=\"lazy\" decoding=\"async\" width=\"1024\" height=\"1024\" data-id=\"12569\" src=\"https:\/\/polishstyl.com.pl\/wp-content\/uploads\/2026\/04\/IMG_6644-1024x1024.jpg\" alt=\"\" class=\"wp-image-12569\" srcset=\"https:\/\/polishstyl.com.pl\/wp-content\/uploads\/2026\/04\/IMG_6644-1024x1024.jpg 1024w, https:\/\/polishstyl.com.pl\/wp-content\/uploads\/2026\/04\/IMG_6644-300x300.jpg 300w, https:\/\/polishstyl.com.pl\/wp-content\/uploads\/2026\/04\/IMG_6644-150x150.jpg 150w, https:\/\/polishstyl.com.pl\/wp-content\/uploads\/2026\/04\/IMG_6644-768x768.jpg 768w, https:\/\/polishstyl.com.pl\/wp-content\/uploads\/2026\/04\/IMG_6644-600x600.jpg 600w\" sizes=\"(max-width: 1024px) 100vw, 1024px\" \/><\/figure>\n\n\n\n<figure class=\"wp-block-image size-large\"><img loading=\"lazy\" decoding=\"async\" width=\"1024\" height=\"1024\" data-id=\"12568\" src=\"https:\/\/polishstyl.com.pl\/wp-content\/uploads\/2026\/04\/2V6A5383-1024x1024.jpg\" alt=\"\" class=\"wp-image-12568\" srcset=\"https:\/\/polishstyl.com.pl\/wp-content\/uploads\/2026\/04\/2V6A5383-1024x1024.jpg 1024w, https:\/\/polishstyl.com.pl\/wp-content\/uploads\/2026\/04\/2V6A5383-300x300.jpg 300w, https:\/\/polishstyl.com.pl\/wp-content\/uploads\/2026\/04\/2V6A5383-150x150.jpg 150w, https:\/\/polishstyl.com.pl\/wp-content\/uploads\/2026\/04\/2V6A5383-768x768.jpg 768w, https:\/\/polishstyl.com.pl\/wp-content\/uploads\/2026\/04\/2V6A5383-600x600.jpg 600w\" sizes=\"(max-width: 1024px) 100vw, 1024px\" \/><\/figure>\n<\/figure>\n\n\n\n<h2 class=\"wp-block-heading\">Przysz\u0142o\u015b\u0107 bran\u017cy<\/h2>\n\n\n\n<p>Podkarpackie Dni Technologii 2026 pokaza\u0142y, \u017ce po\u0142udniowo-wschodni region Polski jest kluczowym hubem innowacji dla bran\u017cy meblarskiej i drzewnej, kt\u00f3ry stale si\u0119 rozwija. Za\u015b pozytywny odbi\u00f3r pierwszej edycji imprezy pozwala zak\u0142ada\u0107, \u017ce wydarzenie na sta\u0142e wpisze si\u0119 w kalendarz najwa\u017cniejszych spotka\u0144 bran\u017cowych w Polsce.<\/p>\n\n\n\n<blockquote class=\"wp-block-quote is-layout-flow wp-block-quote-is-layout-flow\">\n<p>&#8211; <em>Postawili\u015bmy sobie za cel stworzenie unikalnej platformy wymiany do\u015bwiadcze\u0144 i ten cel uda\u0142o nam si\u0119 w pe\u0142ni zrealizowa\u0107<\/em> \u2013 podsumowuje <strong>Bogus\u0142aw Szkutnik<\/strong>. &#8211; <em>Jestem przekonany, \u017ce dialog zainicjowany w sercu Podkarpacia zaowocuje innowacyjnymi projektami, kt\u00f3re umocni\u0105 pozycj\u0119 polskiego meblarstwa na \u015bwiecie. Dzi\u0119kuj\u0119 wszystkim partnerom i uczestnikom za te dwa dni pe\u0142ne inspiracji i merytorycznej wymiany zda\u0144.<\/em><\/p>\n<\/blockquote>\n\n\n\n<figure class=\"wp-block-gallery has-nested-images columns-default is-cropped wp-block-gallery-6 is-layout-flex wp-block-gallery-is-layout-flex\">\n<figure class=\"wp-block-image size-large\"><img loading=\"lazy\" decoding=\"async\" width=\"1024\" height=\"1000\" data-id=\"12557\" src=\"https:\/\/polishstyl.com.pl\/wp-content\/uploads\/2026\/04\/5K4A2799-1-1024x1000.jpg\" alt=\"\" class=\"wp-image-12557\"\/><\/figure>\n\n\n\n<figure class=\"wp-block-image size-large\"><img loading=\"lazy\" decoding=\"async\" width=\"1024\" height=\"1000\" data-id=\"12558\" src=\"https:\/\/polishstyl.com.pl\/wp-content\/uploads\/2026\/04\/5K4A3437-1-1024x1000.jpg\" alt=\"\" class=\"wp-image-12558\"\/><\/figure>\n\n\n\n<figure class=\"wp-block-image size-large\"><img loading=\"lazy\" decoding=\"async\" width=\"1024\" height=\"1024\" data-id=\"12559\" src=\"https:\/\/polishstyl.com.pl\/wp-content\/uploads\/2026\/04\/IMG_6600-1024x1024.jpg\" alt=\"\" class=\"wp-image-12559\" srcset=\"https:\/\/polishstyl.com.pl\/wp-content\/uploads\/2026\/04\/IMG_6600-1024x1024.jpg 1024w, https:\/\/polishstyl.com.pl\/wp-content\/uploads\/2026\/04\/IMG_6600-300x300.jpg 300w, https:\/\/polishstyl.com.pl\/wp-content\/uploads\/2026\/04\/IMG_6600-150x150.jpg 150w, https:\/\/polishstyl.com.pl\/wp-content\/uploads\/2026\/04\/IMG_6600-768x768.jpg 768w, https:\/\/polishstyl.com.pl\/wp-content\/uploads\/2026\/04\/IMG_6600-600x600.jpg 600w\" sizes=\"(max-width: 1024px) 100vw, 1024px\" \/><\/figure>\n<\/figure>\n","protected":false},"excerpt":{"rendered":"<p>W dniach 21\u201322 kwietnia 2026 roku w o\u015brodku \u201eCyzi\u00f3wka\u201d pod Rzeszowem odby\u0142a si\u0119 pierwsza edycja Podkarpackich Dni Technologii \u2013 Spotkanie Lider\u00f3w Bran\u017cy Drzewnej i Meblarskiej. Nasza firma, PolishStyl, mia\u0142a zaszczyt by\u0107 jednym ze wsp\u00f3\u0142organizator\u00f3w tego wyj\u0105tkowego wydarzenia, kt\u00f3re zgromadzi\u0142o ponad 100 przedstawicieli kadry zarz\u0105dzaj\u0105cej i in\u017cynierskiej z Polski oraz Ukrainy. Innowacje i Synergia Inicjatywa organizacji [&hellip;]<\/p>\n","protected":false},"author":4,"featured_media":12536,"comment_status":"open","ping_status":"open","sticky":false,"template":"","format":"standard","meta":{"ngg_post_thumbnail":0,"ocean_post_layout":"","ocean_both_sidebars_style":"","ocean_both_sidebars_content_width":0,"ocean_both_sidebars_sidebars_width":0,"ocean_sidebar":"","ocean_second_sidebar":"","ocean_disable_margins":"enable","ocean_add_body_class":"","ocean_shortcode_before_top_bar":"","ocean_shortcode_after_top_bar":"","ocean_shortcode_before_header":"","ocean_shortcode_after_header":"","ocean_has_shortcode":"","ocean_shortcode_after_title":"","ocean_shortcode_before_footer_widgets":"","ocean_shortcode_after_footer_widgets":"","ocean_shortcode_before_footer_bottom":"","ocean_shortcode_after_footer_bottom":"","ocean_display_top_bar":"default","ocean_display_header":"default","ocean_header_style":"","ocean_center_header_left_menu":"","ocean_custom_header_template":"","ocean_custom_logo":0,"ocean_custom_retina_logo":0,"ocean_custom_logo_max_width":0,"ocean_custom_logo_tablet_max_width":0,"ocean_custom_logo_mobile_max_width":0,"ocean_custom_logo_max_height":0,"ocean_custom_logo_tablet_max_height":0,"ocean_custom_logo_mobile_max_height":0,"ocean_header_custom_menu":"","ocean_menu_typo_font_family":"","ocean_menu_typo_font_subset":"","ocean_menu_typo_font_size":0,"ocean_menu_typo_font_size_tablet":0,"ocean_menu_typo_font_size_mobile":0,"ocean_menu_typo_font_size_unit":"px","ocean_menu_typo_font_weight":"","ocean_menu_typo_font_weight_tablet":"","ocean_menu_typo_font_weight_mobile":"","ocean_menu_typo_transform":"","ocean_menu_typo_transform_tablet":"","ocean_menu_typo_transform_mobile":"","ocean_menu_typo_line_height":0,"ocean_menu_typo_line_height_tablet":0,"ocean_menu_typo_line_height_mobile":0,"ocean_menu_typo_line_height_unit":"","ocean_menu_typo_spacing":0,"ocean_menu_typo_spacing_tablet":0,"ocean_menu_typo_spacing_mobile":0,"ocean_menu_typo_spacing_unit":"","ocean_menu_link_color":"","ocean_menu_link_color_hover":"","ocean_menu_link_color_active":"","ocean_menu_link_background":"","ocean_menu_link_hover_background":"","ocean_menu_link_active_background":"","ocean_menu_social_links_bg":"","ocean_menu_social_hover_links_bg":"","ocean_menu_social_links_color":"","ocean_menu_social_hover_links_color":"","ocean_disable_title":"default","ocean_disable_heading":"default","ocean_post_title":"","ocean_post_subheading":"","ocean_post_title_style":"","ocean_post_title_background_color":"","ocean_post_title_background":0,"ocean_post_title_bg_image_position":"","ocean_post_title_bg_image_attachment":"","ocean_post_title_bg_image_repeat":"","ocean_post_title_bg_image_size":"","ocean_post_title_height":0,"ocean_post_title_bg_overlay":0.5,"ocean_post_title_bg_overlay_color":"","ocean_disable_breadcrumbs":"default","ocean_breadcrumbs_color":"","ocean_breadcrumbs_separator_color":"","ocean_breadcrumbs_links_color":"","ocean_breadcrumbs_links_hover_color":"","ocean_display_footer_widgets":"default","ocean_display_footer_bottom":"default","ocean_custom_footer_template":"","ocean_post_oembed":"","ocean_post_self_hosted_media":"","ocean_post_video_embed":"","ocean_link_format":"","ocean_link_format_target":"self","ocean_quote_format":"","ocean_quote_format_link":"post","ocean_gallery_link_images":"on","ocean_gallery_id":[],"footnotes":""},"categories":[1],"tags":[],"class_list":["post-12535","post","type-post","status-publish","format-standard","has-post-thumbnail","hentry","category-aktualnosci","entry","has-media"],"_links":{"self":[{"href":"https:\/\/polishstyl.com.pl\/wp-json\/wp\/v2\/posts\/12535","targetHints":{"allow":["GET"]}}],"collection":[{"href":"https:\/\/polishstyl.com.pl\/wp-json\/wp\/v2\/posts"}],"about":[{"href":"https:\/\/polishstyl.com.pl\/wp-json\/wp\/v2\/types\/post"}],"author":[{"embeddable":true,"href":"https:\/\/polishstyl.com.pl\/wp-json\/wp\/v2\/users\/4"}],"replies":[{"embeddable":true,"href":"https:\/\/polishstyl.com.pl\/wp-json\/wp\/v2\/comments?post=12535"}],"version-history":[{"count":6,"href":"https:\/\/polishstyl.com.pl\/wp-json\/wp\/v2\/posts\/12535\/revisions"}],"predecessor-version":[{"id":12570,"href":"https:\/\/polishstyl.com.pl\/wp-json\/wp\/v2\/posts\/12535\/revisions\/12570"}],"wp:featuredmedia":[{"embeddable":true,"href":"https:\/\/polishstyl.com.pl\/wp-json\/wp\/v2\/media\/12536"}],"wp:attachment":[{"href":"https:\/\/polishstyl.com.pl\/wp-json\/wp\/v2\/media?parent=12535"}],"wp:term":[{"taxonomy":"category","embeddable":true,"href":"https:\/\/polishstyl.com.pl\/wp-json\/wp\/v2\/categories?post=12535"},{"taxonomy":"post_tag","embeddable":true,"href":"https:\/\/polishstyl.com.pl\/wp-json\/wp\/v2\/tags?post=12535"}],"curies":[{"name":"wp","href":"https:\/\/api.w.org\/{rel}","templated":true}]}}